{"id":6258,"date":"2016-03-01T09:00:35","date_gmt":"2016-03-01T09:00:35","guid":{"rendered":"http:\/\/www.techpro-digital.com\/?p=6258"},"modified":"2016-03-01T09:00:35","modified_gmt":"2016-03-01T09:00:35","slug":"les-grandes-tendances-du-mwc2016-de-barcelone","status":"publish","type":"post","link":"https:\/\/www.techpro-digital.com\/?p=6258","title":{"rendered":"Les grandes tendances du MWC2016 de Barcelone"},"content":{"rendered":"<p><a href=\"http:\/\/twitter.com\/share?url=https%3A%2F%2Fwww.techpro-digital.com%2F%3Fp%3D6258&amp;count=none&amp;text=Les grandes tendances du MWC2016 de Barcelone - TECHPRO-DIGITAL - Services PHOTO - VIDEO - POST PRODUCTION - CREATION - WEB\" class=\"twitter-share-button\">Tweet<\/a><\/p><p>C'est \u00e9videmment mobilit\u00e9 mobilit\u00e9 le super trend du salon...what else...<\/p>\n<p>Le slogan \"Mobile is everything\" est d\u00e9clin\u00e9 dans tous les espaces du Mobile World Congress (MWC), sur les murs ou en vid\u00e9os. Si le mobile est tout, qui est-il vraiment ?<\/p>\n<p>L'enjeu de la connexion globale est cl\u00e9. \"La connectivit\u00e9 offre un acc\u00e8s \u00e0 l'\u00e9ducation et \u00e0 la sant\u00e9\", explique ainsi Anders Borg, Chair Global Financial System Initiative du Forum Economique Mondiale. Et comme le pr\u00e9cisait\u00a0Mark Zuckerberg 4 milliards de personnes dans le monde n'ont pas acc\u00e8s \u00e0 Internet.<br \/>\nRetrouvez cet article sur :\u00a0<a href=\"http:\/\/www.e-marketing.fr\/thematique\/digital-data-1004\/breves\/mwc2016-mots-cles-mobile-2016-302242.htm?utm_medium=email&amp;utm_campaign=newsletter&amp;utm_source=emkg_01_3_2016&amp;&amp;utm_source=copy_text&amp;utm_medium=email&amp;utm_campaign=dark_social\">www.e-marketing.fr - \"[MWC2016] 5 mots-cl\u00e9s du mobile en 2016\"<\/a><\/p>\n","protected":false},"excerpt":{"rendered":"<p>TweetC&rsquo;est \u00e9videmment mobilit\u00e9 mobilit\u00e9 le super trend du salon&#8230;what else&#8230; Le slogan \u00ab\u00a0Mobile is everything\u00a0\u00bb est d\u00e9clin\u00e9 dans tous les espaces du Mobile World Congress (MWC), sur les murs ou en vid\u00e9os. Si le mobile est tout, qui est-il vraiment ? L&rsquo;enjeu de la connexion globale est cl\u00e9. \u00ab\u00a0La connectivit\u00e9 offre un acc\u00e8s \u00e0 l&rsquo;\u00e9ducation et \u00e0 la sant\u00e9\u00a0\u00bb, explique ainsi Anders Borg, Chair Global Financial System Initiative du Forum Economique Mondiale. Et comme le pr\u00e9cisait\u00a0Mark Zuckerberg 4 milliards de personnes dans le monde n&rsquo;ont pas acc\u00e8s \u00e0 Internet. Retrouvez cet article sur :\u00a0www.e-marketing.fr &#8211; \u00ab\u00a0[MWC2016] 5 mots-cl\u00e9s du mobile [&hellip;]<\/p>\n","protected":false},"author":1,"featured_media":6259,"comment_status":"closed","ping_status":"open","sticky":false,"template":"","format":"standard","meta":[],"categories":[1],"tags":[],"_links":{"self":[{"href":"https:\/\/www.techpro-digital.com\/index.php?rest_route=\/wp\/v2\/posts\/6258"}],"collection":[{"href":"https:\/\/www.techpro-digital.com\/index.php?rest_route=\/wp\/v2\/posts"}],"about":[{"href":"https:\/\/www.techpro-digital.com\/index.php?rest_route=\/wp\/v2\/types\/post"}],"author":[{"embeddable":true,"href":"https:\/\/www.techpro-digital.com\/index.php?rest_route=\/wp\/v2\/users\/1"}],"replies":[{"embeddable":true,"href":"https:\/\/www.techpro-digital.com\/index.php?rest_route=%2Fwp%2Fv2%2Fcomments&post=6258"}],"version-history":[{"count":1,"href":"https:\/\/www.techpro-digital.com\/index.php?rest_route=\/wp\/v2\/posts\/6258\/revisions"}],"predecessor-version":[{"id":6260,"href":"https:\/\/www.techpro-digital.com\/index.php?rest_route=\/wp\/v2\/posts\/6258\/revisions\/6260"}],"wp:featuredmedia":[{"embeddable":true,"href":"https:\/\/www.techpro-digital.com\/index.php?rest_route=\/wp\/v2\/media\/6259"}],"wp:attachment":[{"href":"https:\/\/www.techpro-digital.com\/index.php?rest_route=%2Fwp%2Fv2%2Fmedia&parent=6258"}],"wp:term":[{"taxonomy":"category","embeddable":true,"href":"https:\/\/www.techpro-digital.com\/index.php?rest_route=%2Fwp%2Fv2%2Fcategories&post=6258"},{"taxonomy":"post_tag","embeddable":true,"href":"https:\/\/www.techpro-digital.com\/index.php?rest_route=%2Fwp%2Fv2%2Ftags&post=6258"}],"curies":[{"name":"wp","href":"https:\/\/api.w.org\/{rel}","templated":true}]}}